{"id":2644,"date":"2025-08-26T16:03:28","date_gmt":"2025-08-26T16:03:28","guid":{"rendered":"https:\/\/corporate.coturtravel.pt\/?p=2644"},"modified":"2025-09-14T19:44:12","modified_gmt":"2025-09-14T19:44:12","slug":"cotur-is-at-the-60th-edition-of-facim-until-august-31st","status":"publish","type":"post","link":"https:\/\/corporate.cotur.com\/en\/cotur-is-at-the-60th-edition-of-facim-until-august-31st\/","title":{"rendered":"COTUR is at the 60th edition of FACIM, until August 31st."},"content":{"rendered":"<div data-elementor-type=\"wp-post\" data-elementor-id=\"2644\" class=\"elementor elementor-2644\">\n\t\t\t\t\t\t<section class=\"elementor-section elementor-top-section elementor-element elementor-element-1d690e4 elementor-section-full_width elementor-section-stretched elementor-section-height-default elementor-section-height-default\" data-id=\"1d690e4\" data-element_type=\"section\" data-settings=\"{&quot;stretch_section&quot;:&quot;section-stretched&quot;,&quot;jet_parallax_layout_list&quot;:[],&quot;background_background&quot;:&quot;slideshow&quot;,&quot;background_slideshow_gallery&quot;:[{&quot;id&quot;:2647,&quot;url&quot;:&quot;https:\\\/\\\/corporate.cotur.com\\\/wp-content\\\/uploads\\\/2025\\\/08\\\/cotur-corporate_travel-estamos_na_60a_Edicao_da_FACIM_ate_31_de_Agosto-01-min.jpg&quot;},{&quot;id&quot;:2646,&quot;url&quot;:&quot;https:\\\/\\\/corporate.cotur.com\\\/wp-content\\\/uploads\\\/2025\\\/08\\\/cotur-corporate_travel-estamos_na_60a_Edicao_da_FACIM_ate_31_de_Agosto-02-min.jpg&quot;},{&quot;id&quot;:2648,&quot;url&quot;:&quot;https:\\\/\\\/corporate.cotur.com\\\/wp-content\\\/uploads\\\/2025\\\/08\\\/cotur-corporate_travel-estamos_na_60a_Edicao_da_FACIM_ate_31_de_Agosto-03-min.jpg&quot;}],&quot;background_slideshow_loop&quot;:&quot;yes&quot;,&quot;background_slideshow_slide_duration&quot;:5000,&quot;background_slideshow_slide_transition&quot;:&quot;fade&quot;,&quot;background_slideshow_transition_duration&quot;:500}\">\n\t\t\t\t\t\t<div class=\"elementor-container elementor-column-gap-default\">\n\t\t\t\t\t<div class=\"elementor-column elementor-col-100 elementor-top-column elementor-element elementor-element-fe319ca\" data-id=\"fe319ca\" data-element_type=\"column\">\n\t\t\t<div class=\"elementor-widget-wrap elementor-element-populated\">\n\t\t\t\t\t\t<div class=\"elementor-element elementor-element-0a79c9d elementor-widget elementor-widget-spacer\" data-id=\"0a79c9d\" data-element_type=\"widget\" data-widget_type=\"spacer.default\">\n\t\t\t\t<div class=\"elementor-widget-container\">\n\t\t\t\t\t<div class=\"elementor-spacer\">\n\t\t\t<div class=\"elementor-spacer-inner\"><\/div>\n\t\t<\/div>\n\t\t\t\t<\/div>\n\t\t\t\t<\/div>\n\t\t\t\t<div class=\"elementor-element elementor-element-fa0de61 elementor-widget elementor-widget-html\" data-id=\"fa0de61\" data-element_type=\"widget\" data-widget_type=\"html.default\">\n\t\t\t\t<div class=\"elementor-widget-container\">\n\t\t\t<style>\n    .jupiterx-post-image {display:none;}\n<\/style>\t\t<\/div>\n\t\t\t\t<\/div>\n\t\t\t\t\t<\/div>\n\t\t<\/div>\n\t\t\t\t\t<\/div>\n\t\t<\/section>\n\t\t\t\t<section class=\"elementor-section elementor-top-section elementor-element elementor-element-edb61f5 elementor-section-boxed elementor-section-height-default elementor-section-height-default\" data-id=\"edb61f5\" data-element_type=\"section\" data-settings=\"{&quot;jet_parallax_layout_list&quot;:[{&quot;jet_parallax_layout_image&quot;:{&quot;url&quot;:&quot;&quot;,&quot;id&quot;:&quot;&quot;,&quot;size&quot;:&quot;&quot;},&quot;_id&quot;:&quot;c9be1ea&quot;,&quot;jet_parallax_layout_image_tablet&quot;:{&quot;url&quot;:&quot;&quot;,&quot;id&quot;:&quot;&quot;,&quot;size&quot;:&quot;&quot;},&quot;jet_parallax_layout_image_mobile&quot;:{&quot;url&quot;:&quot;&quot;,&quot;id&quot;:&quot;&quot;,&quot;size&quot;:&quot;&quot;},&quot;jet_parallax_layout_speed&quot;:{&quot;unit&quot;:&quot;%&quot;,&quot;size&quot;:50,&quot;sizes&quot;:[]},&quot;jet_parallax_layout_type&quot;:&quot;scroll&quot;,&quot;jet_parallax_layout_direction&quot;:null,&quot;jet_parallax_layout_fx_direction&quot;:null,&quot;jet_parallax_layout_z_index&quot;:&quot;&quot;,&quot;jet_parallax_layout_bg_x&quot;:50,&quot;jet_parallax_layout_bg_x_tablet&quot;:&quot;&quot;,&quot;jet_parallax_layout_bg_x_mobile&quot;:&quot;&quot;,&quot;jet_parallax_layout_bg_y&quot;:50,&quot;jet_parallax_layout_bg_y_tablet&quot;:&quot;&quot;,&quot;jet_parallax_layout_bg_y_mobile&quot;:&quot;&quot;,&quot;jet_parallax_layout_bg_size&quot;:&quot;auto&quot;,&quot;jet_parallax_layout_bg_size_tablet&quot;:&quot;&quot;,&quot;jet_parallax_layout_bg_size_mobile&quot;:&quot;&quot;,&quot;jet_parallax_layout_animation_prop&quot;:&quot;transform&quot;,&quot;jet_parallax_layout_on&quot;:[&quot;desktop&quot;,&quot;tablet&quot;]}]}\">\n\t\t\t\t\t\t<div class=\"elementor-container elementor-column-gap-default\">\n\t\t\t\t\t<div class=\"elementor-column elementor-col-100 elementor-top-column elementor-element elementor-element-73e7ccb\" data-id=\"73e7ccb\" data-element_type=\"column\">\n\t\t\t<div class=\"elementor-widget-wrap elementor-element-populated\">\n\t\t\t\t\t\t<div class=\"elementor-element elementor-element-526d9cb elementor-widget elementor-widget-spacer\" data-id=\"526d9cb\" data-element_type=\"widget\" data-widget_type=\"spacer.default\">\n\t\t\t\t<div class=\"elementor-widget-container\">\n\t\t\t\t\t<div class=\"elementor-spacer\">\n\t\t\t<div class=\"elementor-spacer-inner\"><\/div>\n\t\t<\/div>\n\t\t\t\t<\/div>\n\t\t\t\t<\/div>\n\t\t\t\t<div class=\"elementor-element elementor-element-720571d elementor-widget elementor-widget-text-editor\" data-id=\"720571d\" data-element_type=\"widget\" data-widget_type=\"text-editor.default\">\n\t\t\t\t<div class=\"elementor-widget-container\">\n\t\t\t\t\t\t\tThe 60th edition of FACIM opened this Monday, August 25, at the Ricatla site in Marracuene (Maputo). Among the first highlights, COTUR was once again present and received a visit from the President of the Republic and his entourage.\t\t\t\t\t\t<\/div>\n\t\t\t\t<\/div>\n\t\t\t\t<div class=\"elementor-element elementor-element-fb9bddf elementor-widget elementor-widget-spacer\" data-id=\"fb9bddf\" data-element_type=\"widget\" data-widget_type=\"spacer.default\">\n\t\t\t\t<div class=\"elementor-widget-container\">\n\t\t\t\t\t<div class=\"elementor-spacer\">\n\t\t\t<div class=\"elementor-spacer-inner\"><\/div>\n\t\t<\/div>\n\t\t\t\t<\/div>\n\t\t\t\t<\/div>\n\t\t\t\t<div class=\"elementor-element elementor-element-f1a0c5e elementor-drop-cap-yes elementor-widget__width-initial elementor-drop-cap-view-default elementor-widget elementor-widget-text-editor\" data-id=\"f1a0c5e\" data-element_type=\"widget\" data-settings=\"{&quot;drop_cap&quot;:&quot;yes&quot;}\" data-widget_type=\"text-editor.default\">\n\t\t\t\t<div class=\"elementor-widget-container\">\n\t\t\t\t\t\t\t<p>The 60th edition of FACIM runs from August 25 to 31 at the Ricatla site in Marracuene (Maputo). The event kicked off on Monday, August 25, with the opening ceremony presided over by the President of the Republic, Daniel Chapo, and an official visit to the main pavilions. It is the country's largest multi-sector showcase and brings together thousands of national and international exhibitors.<\/p>\n<p>COTUR is once again present. At the start, the company's stand was visited by the President of the Republic and his entourage. The Head of State was received by the Chairman of COTUR's Board of Directors, Noor-Momade; they exchanged brief words and the PCA presented the President with a replica of a COTUR airplane - a symbolic gesture that underlines the brand's historical connection to the travel sector in Mozambique.<\/p>\n<p>For COTUR, its presence at FACIM is also a commitment to representing the tourism and travel sector. The company and its PCA, Noor-Momade, have maintained over the years a consistent line of public participation that underlines the role of the private sector - and tourism in particular - in Mozambique's economic development, bringing companies, institutions and travelers together.<\/p>\n<p>This year's stand brings us the latest tourism product news: great seasonal opportunities, tour packages and exclusive discounts, with curated destinations and offers designed for different traveler profiles. At the same time, COTUR is presenting the evolution of its booking technology - faster searches, an even better and more simplified user experience and various integrations with other technologies, including more payment methods.<\/p>\n<p>For companies, the value proposition focuses on corporate travel: negotiated rates, a dedicated team and a technological layer that automates the application of the travel policy per employee, guaranteeing compliance, cost predictability and measurable savings.&nbsp;<\/p>\n<p>The COTUR team will be at the stand in the Exporters' Pavilion throughout the week for demonstrations and meetings with clients and partners.<\/p>\t\t\t\t\t\t<\/div>\n\t\t\t\t<\/div>\n\t\t\t\t<div class=\"elementor-element elementor-element-43b24f1 elementor-widget elementor-widget-spacer\" data-id=\"43b24f1\" data-element_type=\"widget\" data-widget_type=\"spacer.default\">\n\t\t\t\t<div class=\"elementor-widget-container\">\n\t\t\t\t\t<div class=\"elementor-spacer\">\n\t\t\t<div class=\"elementor-spacer-inner\"><\/div>\n\t\t<\/div>\n\t\t\t\t<\/div>\n\t\t\t\t<\/div>\n\t\t\t\t<div class=\"elementor-element elementor-element-a799a8a elementor-widget elementor-widget-spacer\" data-id=\"a799a8a\" data-element_type=\"widget\" data-widget_type=\"spacer.default\">\n\t\t\t\t<div class=\"elementor-widget-container\">\n\t\t\t\t\t<div class=\"elementor-spacer\">\n\t\t\t<div class=\"elementor-spacer-inner\"><\/div>\n\t\t<\/div>\n\t\t\t\t<\/div>\n\t\t\t\t<\/div>\n\t\t\t\t\t<\/div>\n\t\t<\/div>\n\t\t\t\t\t<\/div>\n\t\t<\/section>\n\t\t\t\t<\/div>","protected":false},"excerpt":{"rendered":"<p>The 60th edition of FACIM opened this Monday, August 25, at the Ricatla site in Marracuene (Maputo). Among the first highlights, COTUR was once again present and received a visit from the President of the Republic and his entourage. The 60th edition of FACIM takes place from August 25 to 31 at the [...]<\/p>","protected":false},"author":6,"featured_media":2647,"comment_status":"closed","ping_status":"closed","sticky":false,"template":"","format":"standard","meta":{"_acf_changed":false,"footnotes":""},"categories":[11,10,8],"tags":[],"class_list":["post-2644","post","type-post","status-publish","format-standard","has-post-thumbnail","hentry","category-eventos","category-institucional","category-turismo"],"acf":[],"yoast_head":"<!-- This site is optimized with the Yoast SEO plugin v23.8 - https:\/\/yoast.com\/wordpress\/plugins\/seo\/ -->\n<title>A COTUR est\u00e1 na 60\u00aa Edi\u00e7\u00e3o da FACIM, at\u00e9 31 de Agosto. - COTUR \/\/ Travel Management Worldwide<\/title>\n<meta name=\"description\" content=\"A Cotur tornou-se na primeira empresa do sector das Viagens e Turismo a receber a certifica\u00e7\u00e3o internacional de qualidade ISO 9001, atribu\u00eddo pelo Bureau Veritas, uma das l\u00edderes mundiais na \u00e1rea de certifica\u00e7\u00e3o.\" \/>\n<meta name=\"robots\" content=\"index, follow, max-snippet:-1, max-image-preview:large, max-video-preview:-1\" \/>\n<link rel=\"canonical\" href=\"https:\/\/corporate.cotur.com\/en\/cotur-is-at-the-60th-edition-of-facim-until-august-31st\/\" \/>\n<meta property=\"og:locale\" content=\"en_US\" \/>\n<meta property=\"og:type\" content=\"article\" \/>\n<meta property=\"og:title\" content=\"A COTUR est\u00e1 na 60\u00aa Edi\u00e7\u00e3o da FACIM, at\u00e9 31 de Agosto.\" \/>\n<meta property=\"og:description\" content=\"A 60.\u00aa edi\u00e7\u00e3o da FACIM abriu esta segunda-feira, 25 de agosto, no recinto de Ricatla, em Marracuene (Maputo). Entre os primeiros destaques, a COTUR voltou a marcar presen\u00e7a e recebeu a visita do Presidente da Rep\u00fablica e da sua comitiva.\" \/>\n<meta property=\"og:url\" content=\"https:\/\/corporate.cotur.com\/en\/cotur-is-at-the-60th-edition-of-facim-until-august-31st\/\" \/>\n<meta property=\"og:site_name\" content=\"COTUR \/\/ Travel Management Worldwide\" \/>\n<meta property=\"article:published_time\" content=\"2025-08-26T16:03:28+00:00\" \/>\n<meta property=\"article:modified_time\" content=\"2025-09-14T19:44:12+00:00\" \/>\n<meta property=\"og:image\" content=\"https:\/\/corporate.cotur.com\/wp-content\/uploads\/2025\/08\/cotur-corporate_travel-estamos_na_60a_Edicao_da_FACIM_ate_31_de_Agosto-share-min.jpg\" \/>\n\t<meta property=\"og:image:width\" content=\"1000\" \/>\n\t<meta property=\"og:image:height\" content=\"1000\" \/>\n\t<meta property=\"og:image:type\" content=\"image\/jpeg\" \/>\n<meta name=\"author\" content=\"bold\" \/>\n<meta name=\"twitter:card\" content=\"summary_large_image\" \/>\n<meta name=\"twitter:label1\" content=\"Written by\" \/>\n\t<meta name=\"twitter:data1\" content=\"bold\" \/>\n\t<meta name=\"twitter:label2\" content=\"Est. reading time\" \/>\n\t<meta name=\"twitter:data2\" content=\"2 minutes\" \/>\n<script type=\"application\/ld+json\" class=\"yoast-schema-graph\">{\"@context\":\"https:\/\/schema.org\",\"@graph\":[{\"@type\":\"WebPage\",\"@id\":\"https:\/\/corporate.cotur.com\/a-cotur-esta-na-60a-edicao-da-facim-ate-31-de-agosto\/\",\"url\":\"https:\/\/corporate.cotur.com\/a-cotur-esta-na-60a-edicao-da-facim-ate-31-de-agosto\/\",\"name\":\"A COTUR est\u00e1 na 60\u00aa Edi\u00e7\u00e3o da FACIM, at\u00e9 31 de Agosto. - COTUR \/\/ Travel Management Worldwide\",\"isPartOf\":{\"@id\":\"https:\/\/corporate.cotur.com\/#website\"},\"primaryImageOfPage\":{\"@id\":\"https:\/\/corporate.cotur.com\/a-cotur-esta-na-60a-edicao-da-facim-ate-31-de-agosto\/#primaryimage\"},\"image\":{\"@id\":\"https:\/\/corporate.cotur.com\/a-cotur-esta-na-60a-edicao-da-facim-ate-31-de-agosto\/#primaryimage\"},\"thumbnailUrl\":\"https:\/\/corporate.cotur.com\/wp-content\/uploads\/2025\/08\/cotur-corporate_travel-estamos_na_60a_Edicao_da_FACIM_ate_31_de_Agosto-01-min.jpg\",\"datePublished\":\"2025-08-26T16:03:28+00:00\",\"dateModified\":\"2025-09-14T19:44:12+00:00\",\"author\":{\"@id\":\"https:\/\/corporate.cotur.com\/#\/schema\/person\/4a364e2ae8ee69d0bf38afa868b270ff\"},\"description\":\"A Cotur tornou-se na primeira empresa do sector das Viagens e Turismo a receber a certifica\u00e7\u00e3o internacional de qualidade ISO 9001, atribu\u00eddo pelo Bureau Veritas, uma das l\u00edderes mundiais na \u00e1rea de certifica\u00e7\u00e3o.\",\"breadcrumb\":{\"@id\":\"https:\/\/corporate.cotur.com\/a-cotur-esta-na-60a-edicao-da-facim-ate-31-de-agosto\/#breadcrumb\"},\"inLanguage\":\"en-US\",\"potentialAction\":[{\"@type\":\"ReadAction\",\"target\":[\"https:\/\/corporate.cotur.com\/a-cotur-esta-na-60a-edicao-da-facim-ate-31-de-agosto\/\"]}]},{\"@type\":\"ImageObject\",\"inLanguage\":\"en-US\",\"@id\":\"https:\/\/corporate.cotur.com\/a-cotur-esta-na-60a-edicao-da-facim-ate-31-de-agosto\/#primaryimage\",\"url\":\"https:\/\/corporate.cotur.com\/wp-content\/uploads\/2025\/08\/cotur-corporate_travel-estamos_na_60a_Edicao_da_FACIM_ate_31_de_Agosto-01-min.jpg\",\"contentUrl\":\"https:\/\/corporate.cotur.com\/wp-content\/uploads\/2025\/08\/cotur-corporate_travel-estamos_na_60a_Edicao_da_FACIM_ate_31_de_Agosto-01-min.jpg\",\"width\":1920,\"height\":575},{\"@type\":\"BreadcrumbList\",\"@id\":\"https:\/\/corporate.cotur.com\/a-cotur-esta-na-60a-edicao-da-facim-ate-31-de-agosto\/#breadcrumb\",\"itemListElement\":[{\"@type\":\"ListItem\",\"position\":1,\"name\":\"Home\",\"item\":\"https:\/\/corporate.cotur.com\/\"},{\"@type\":\"ListItem\",\"position\":2,\"name\":\"A COTUR est\u00e1 na 60\u00aa Edi\u00e7\u00e3o da FACIM, at\u00e9 31 de Agosto.\"}]},{\"@type\":\"WebSite\",\"@id\":\"https:\/\/corporate.cotur.com\/#website\",\"url\":\"https:\/\/corporate.cotur.com\/\",\"name\":\"COTUR \/\/ Travel Management Worldwide\",\"description\":\"COTUR \/\/ Travel Management Worldwide\",\"potentialAction\":[{\"@type\":\"SearchAction\",\"target\":{\"@type\":\"EntryPoint\",\"urlTemplate\":\"https:\/\/corporate.cotur.com\/?s={search_term_string}\"},\"query-input\":{\"@type\":\"PropertyValueSpecification\",\"valueRequired\":true,\"valueName\":\"search_term_string\"}}],\"inLanguage\":\"en-US\"},{\"@type\":\"Person\",\"@id\":\"https:\/\/corporate.cotur.com\/#\/schema\/person\/4a364e2ae8ee69d0bf38afa868b270ff\",\"name\":\"bold\",\"image\":{\"@type\":\"ImageObject\",\"inLanguage\":\"en-US\",\"@id\":\"https:\/\/corporate.cotur.com\/#\/schema\/person\/image\/\",\"url\":\"https:\/\/secure.gravatar.com\/avatar\/d89dfdcbb3f762334d338d3fcd4d88c8?s=96&d=mm&r=g\",\"contentUrl\":\"https:\/\/secure.gravatar.com\/avatar\/d89dfdcbb3f762334d338d3fcd4d88c8?s=96&d=mm&r=g\",\"caption\":\"bold\"},\"url\":\"https:\/\/corporate.cotur.com\/en\/author\/bold\/\"}]}<\/script>\n<!-- \/ Yoast SEO plugin. -->","yoast_head_json":{"title":"COTUR is at the 60th edition of FACIM, until August 31st. - COTUR \/\/ Travel Management Worldwide","description":"Cotur has become the first company in the Travel and Tourism sector to receive the ISO 9001 international quality certification, awarded by Bureau Veritas, one of the world's leading certification bodies.","robots":{"index":"index","follow":"follow","max-snippet":"max-snippet:-1","max-image-preview":"max-image-preview:large","max-video-preview":"max-video-preview:-1"},"canonical":"https:\/\/corporate.cotur.com\/en\/cotur-is-at-the-60th-edition-of-facim-until-august-31st\/","og_locale":"en_US","og_type":"article","og_title":"A COTUR est\u00e1 na 60\u00aa Edi\u00e7\u00e3o da FACIM, at\u00e9 31 de Agosto.","og_description":"A 60.\u00aa edi\u00e7\u00e3o da FACIM abriu esta segunda-feira, 25 de agosto, no recinto de Ricatla, em Marracuene (Maputo). Entre os primeiros destaques, a COTUR voltou a marcar presen\u00e7a e recebeu a visita do Presidente da Rep\u00fablica e da sua comitiva.","og_url":"https:\/\/corporate.cotur.com\/en\/cotur-is-at-the-60th-edition-of-facim-until-august-31st\/","og_site_name":"COTUR \/\/ Travel Management Worldwide","article_published_time":"2025-08-26T16:03:28+00:00","article_modified_time":"2025-09-14T19:44:12+00:00","og_image":[{"width":1000,"height":1000,"url":"https:\/\/corporate.cotur.com\/wp-content\/uploads\/2025\/08\/cotur-corporate_travel-estamos_na_60a_Edicao_da_FACIM_ate_31_de_Agosto-share-min.jpg","type":"image\/jpeg"}],"author":"bold","twitter_card":"summary_large_image","twitter_misc":{"Written by":"bold","Est. reading time":"2 minutes"},"schema":{"@context":"https:\/\/schema.org","@graph":[{"@type":"WebPage","@id":"https:\/\/corporate.cotur.com\/a-cotur-esta-na-60a-edicao-da-facim-ate-31-de-agosto\/","url":"https:\/\/corporate.cotur.com\/a-cotur-esta-na-60a-edicao-da-facim-ate-31-de-agosto\/","name":"COTUR is at the 60th edition of FACIM, until August 31st. - COTUR \/\/ Travel Management Worldwide","isPartOf":{"@id":"https:\/\/corporate.cotur.com\/#website"},"primaryImageOfPage":{"@id":"https:\/\/corporate.cotur.com\/a-cotur-esta-na-60a-edicao-da-facim-ate-31-de-agosto\/#primaryimage"},"image":{"@id":"https:\/\/corporate.cotur.com\/a-cotur-esta-na-60a-edicao-da-facim-ate-31-de-agosto\/#primaryimage"},"thumbnailUrl":"https:\/\/corporate.cotur.com\/wp-content\/uploads\/2025\/08\/cotur-corporate_travel-estamos_na_60a_Edicao_da_FACIM_ate_31_de_Agosto-01-min.jpg","datePublished":"2025-08-26T16:03:28+00:00","dateModified":"2025-09-14T19:44:12+00:00","author":{"@id":"https:\/\/corporate.cotur.com\/#\/schema\/person\/4a364e2ae8ee69d0bf38afa868b270ff"},"description":"Cotur has become the first company in the Travel and Tourism sector to receive the ISO 9001 international quality certification, awarded by Bureau Veritas, one of the world's leading certification bodies.","breadcrumb":{"@id":"https:\/\/corporate.cotur.com\/a-cotur-esta-na-60a-edicao-da-facim-ate-31-de-agosto\/#breadcrumb"},"inLanguage":"en-US","potentialAction":[{"@type":"ReadAction","target":["https:\/\/corporate.cotur.com\/a-cotur-esta-na-60a-edicao-da-facim-ate-31-de-agosto\/"]}]},{"@type":"ImageObject","inLanguage":"en-US","@id":"https:\/\/corporate.cotur.com\/a-cotur-esta-na-60a-edicao-da-facim-ate-31-de-agosto\/#primaryimage","url":"https:\/\/corporate.cotur.com\/wp-content\/uploads\/2025\/08\/cotur-corporate_travel-estamos_na_60a_Edicao_da_FACIM_ate_31_de_Agosto-01-min.jpg","contentUrl":"https:\/\/corporate.cotur.com\/wp-content\/uploads\/2025\/08\/cotur-corporate_travel-estamos_na_60a_Edicao_da_FACIM_ate_31_de_Agosto-01-min.jpg","width":1920,"height":575},{"@type":"BreadcrumbList","@id":"https:\/\/corporate.cotur.com\/a-cotur-esta-na-60a-edicao-da-facim-ate-31-de-agosto\/#breadcrumb","itemListElement":[{"@type":"ListItem","position":1,"name":"Home","item":"https:\/\/corporate.cotur.com\/"},{"@type":"ListItem","position":2,"name":"A COTUR est\u00e1 na 60\u00aa Edi\u00e7\u00e3o da FACIM, at\u00e9 31 de Agosto."}]},{"@type":"WebSite","@id":"https:\/\/corporate.cotur.com\/#website","url":"https:\/\/corporate.cotur.com\/","name":"COTUR \/\/ Travel Management Worldwide","description":"COTUR \/\/ Travel Management Worldwide","potentialAction":[{"@type":"SearchAction","target":{"@type":"EntryPoint","urlTemplate":"https:\/\/corporate.cotur.com\/?s={search_term_string}"},"query-input":{"@type":"PropertyValueSpecification","valueRequired":true,"valueName":"search_term_string"}}],"inLanguage":"en-US"},{"@type":"Person","@id":"https:\/\/corporate.cotur.com\/#\/schema\/person\/4a364e2ae8ee69d0bf38afa868b270ff","name":"bold","image":{"@type":"ImageObject","inLanguage":"en-US","@id":"https:\/\/corporate.cotur.com\/#\/schema\/person\/image\/","url":"https:\/\/secure.gravatar.com\/avatar\/d89dfdcbb3f762334d338d3fcd4d88c8?s=96&d=mm&r=g","contentUrl":"https:\/\/secure.gravatar.com\/avatar\/d89dfdcbb3f762334d338d3fcd4d88c8?s=96&d=mm&r=g","caption":"bold"},"url":"https:\/\/corporate.cotur.com\/en\/author\/bold\/"}]}},"_links":{"self":[{"href":"https:\/\/corporate.cotur.com\/en\/wp-json\/wp\/v2\/posts\/2644"}],"collection":[{"href":"https:\/\/corporate.cotur.com\/en\/wp-json\/wp\/v2\/posts"}],"about":[{"href":"https:\/\/corporate.cotur.com\/en\/wp-json\/wp\/v2\/types\/post"}],"author":[{"embeddable":true,"href":"https:\/\/corporate.cotur.com\/en\/wp-json\/wp\/v2\/users\/6"}],"replies":[{"embeddable":true,"href":"https:\/\/corporate.cotur.com\/en\/wp-json\/wp\/v2\/comments?post=2644"}],"version-history":[{"count":33,"href":"https:\/\/corporate.cotur.com\/en\/wp-json\/wp\/v2\/posts\/2644\/revisions"}],"predecessor-version":[{"id":2682,"href":"https:\/\/corporate.cotur.com\/en\/wp-json\/wp\/v2\/posts\/2644\/revisions\/2682"}],"wp:featuredmedia":[{"embeddable":true,"href":"https:\/\/corporate.cotur.com\/en\/wp-json\/wp\/v2\/media\/2647"}],"wp:attachment":[{"href":"https:\/\/corporate.cotur.com\/en\/wp-json\/wp\/v2\/media?parent=2644"}],"wp:term":[{"taxonomy":"category","embeddable":true,"href":"https:\/\/corporate.cotur.com\/en\/wp-json\/wp\/v2\/categories?post=2644"},{"taxonomy":"post_tag","embeddable":true,"href":"https:\/\/corporate.cotur.com\/en\/wp-json\/wp\/v2\/tags?post=2644"}],"curies":[{"name":"wp","href":"https:\/\/api.w.org\/{rel}","templated":true}]}}